{"id":5515,"date":"2023-04-25T03:22:54","date_gmt":"2023-04-25T03:22:54","guid":{"rendered":"https:\/\/redycomunicacion.com\/?p=5515"},"modified":"2024-07-09T08:02:04","modified_gmt":"2024-07-09T08:02:04","slug":"4-sinemada-film-festivali-sinemanin-bueyuelue-duenyasini-12-21-temmuzda-bueyuekada-ve-heybeliadaya-tasiyacak","status":"publish","type":"post","link":"https:\/\/redycomunicacion.com\/index.php\/2023\/04\/25\/4-sinemada-film-festivali-sinemanin-bueyuelue-duenyasini-12-21-temmuzda-bueyuekada-ve-heybeliadaya-tasiyacak\/","title":{"rendered":"&#8220;4 Si\u0307nemada Fi\u0307lm Festi\u0307vali\u0307, Si\u0307nemanin B\u00fcy\u00fcl\u00fc D\u00fcnyasini 12-21 Temmuzda B\u00fcy\u00fckada Ve Heybeli\u0307adaya Ta\u015fiyacak"},"content":{"rendered":"<p>&#8220;4 Si\u0307nemada Fi\u0307lm Festi\u0307vali\u0307, Si\u0307nemanin B\u00fcy\u00fcl\u00fc D\u00fcnyasini 12-21 Temmuzda B\u00fcy\u00fckada Ve Heybeli\u0307adaya Ta\u015fiyacak!<\/p>\n<h1>Harry Potter One Felsefe Ta\u015f\u0131 Izle&#8221;<\/h1>\n<div id=\"toc\" style=\"background: #f9f9f9;border: 1px solid #aaa;display: table;margin-bottom: 1em;padding: 1em;width: 350px;\">\n<p class=\"toctitle\" style=\"font-weight: 700;text-align: center;\">Content<\/p>\n<ul class=\"toc_list\">\n<li><a href=\"#toc-0\">Yap\u0131 Kredi Bomontiada \u201cworld Akustik\u201d Sahnesi \u201cevrencan G\u00fcnd\u00fcz Ve Uzayl\u0131lar\u201d Ile Devam Ediyor<\/a><\/li>\n<li><a href=\"#toc-1\">A\u015fli Amca Ve Can Ko\u00e7, 21 Temmuz\u2019da K\u00fc\u00e7\u00fck\u00e7i\u0307ftli\u0307k Bah\u00e7e\u2019de Sahnede! <\/a><\/li>\n<li><a href=\"#toc-2\">Karsu Y\u0131l\u0131n Tek T\u00fcrkiye Konseri I\u00e7in Twenty Four Temmuz\u2019da Harbiye\u2019de<\/a><\/li>\n<li><a href=\"#toc-3\">Si\u0307nemada Fi\u0307lm Festi\u0307vali\u0307, Si\u0307nemanin B\u00fcy\u00fcl\u00fc D\u00fcnyasini 12-21 Temmuz\u2019da B\u00fcy\u00fckada Ve Heybeli\u0307ada\u2019ya Ta\u015fiyacak! <\/a><\/li>\n<li><a href=\"#toc-4\">Son Yorumlar&#8221;<\/a><\/li>\n<li><a href=\"#toc-5\">Film T\u00fcrleri<\/a><\/li>\n<li><a href=\"#toc-6\">&#8220;novabet \u2013 T\u00fcrkiye\u2019nin Sobre I\u0307yi Online Bahis Ve Casino Platformu<\/a><\/li>\n<li><a href=\"#toc-7\">Narnia G\u00fcnl\u00fckleri One Aslan Cad\u0131 Empieza Dolap<\/a><\/li>\n<li><a href=\"#toc-8\">Harry Potter 1 Felsefe Ta\u015f\u0131<\/a><\/li>\n<li><a href=\"#toc-9\">Trend Filmler<\/a><\/li>\n<li><a href=\"#toc-10\">Harry Potter 1 Felsefe Ta\u015f\u0131<\/a><\/li>\n<li><a href=\"#toc-11\">Karsu Y\u0131l\u0131n Tek T\u00fcrkiye Konseri I\u00e7in Twenty Four Temmuz\u2019da Harbiye\u2019de<\/a><\/li>\n<li><a href=\"#toc-12\">&#8220;novabet \u2013 T\u00fcrkiye\u2019nin En I\u0307yi Online Bahis Ve Casino Platformu<\/a><\/li>\n<li><a href=\"#toc-13\">Si\u0307nemada Fi\u0307lm Festi\u0307vali\u0307, Si\u0307nemanin B\u00fcy\u00fcl\u00fc D\u00fcnyasini 12-21 Temmuz\u2019da B\u00fcy\u00fckada Ve Heybeli\u0307ada\u2019ya Ta\u015fiyacak! <\/a><\/li>\n<li><a href=\"#toc-14\">A\u015fli Amca Ve Can Ko\u00e7, 21 Temmuz\u2019da K\u00fc\u00e7\u00fck\u00e7i\u0307ftli\u0307k Bah\u00e7e\u2019de Sahnede! <\/a><\/li>\n<li><a href=\"#toc-15\">Trend Filmler<\/a><\/li>\n<li><a href=\"#toc-16\">Narnia G\u00fcnl\u00fckleri Just One Aslan Cad\u0131 Ve Dolap<\/a><\/li>\n<li><a href=\"#toc-17\">Son Yorumlar&#8221;<\/a><\/li>\n<li><a href=\"#toc-18\">Yap\u0131 Kredi Bomontiada \u201cworld Akustik\u201d Sahnesi \u201cevrencan G\u00fcnd\u00fcz Ve Uzayl\u0131lar\u201d Ile Devam Ediyor<\/a><\/li>\n<li><a href=\"#toc-19\">Film T\u00fcrleri<\/a><\/li>\n<li><a href=\"#toc-20\">&#8220;novabet \u2013 T\u00fcrkiye\u2019nin Sobre I\u0307yi Online Bahis Ve Casino Platformu<\/a><\/li>\n<li><a href=\"#toc-21\">A\u015fli Amca Ve Can Ko\u00e7, 21 Temmuz\u2019da K\u00fc\u00e7\u00fck\u00e7i\u0307ftli\u0307k Bah\u00e7e\u2019de Sahnede! <\/a><\/li>\n<li><a href=\"#toc-22\">Si\u0307nemada Fi\u0307lm Festi\u0307vali\u0307, Si\u0307nemanin B\u00fcy\u00fcl\u00fc D\u00fcnyasini 12-21 Temmuz\u2019da B\u00fcy\u00fckada Empieza Heybeli\u0307ada\u2019ya Ta\u015fiyacak! <\/a><\/li>\n<li><a href=\"#toc-23\">Harry Potter 1 Felsefe Ta\u015f\u0131<\/a><\/li>\n<li><a href=\"#toc-24\">Yap\u0131 Kredi Bomontiada \u201cworld Akustik\u201d Sahnesi \u201cevrencan G\u00fcnd\u00fcz Ve Uzayl\u0131lar\u201d Ile Devam Ediyor<\/a><\/li>\n<li><a href=\"#toc-26\">Film T\u00fcrleri<\/a><\/li>\n<li><a href=\"#toc-27\">Trend Filmler<\/a><\/li>\n<li><a href=\"#toc-29\">Karsu Y\u0131l\u0131n Tek T\u00fcrkiye Konseri I\u00e7in 24 Temmuz\u2019da Harbiye\u2019de<\/a><\/li>\n<li><a href=\"#toc-31\">Son Yorumlar&#8221;<\/a><\/li>\n<\/ul>\n<\/div>\n<p>Tamamen \u00fccretsiz eri\u015febilece\u011finiz bu siteler, farkl\u0131 t\u00fcrlerde bir\u00e7ok filmi \u00e7e\u015fitli dil se\u00e7enekleri ve y\u00fcksek \u00e7\u00f6z\u00fcn\u00fcrl\u00fck alternatifleriyle sunar.  G\u00f6sterime girmesini beklemeniz gereken filmleri, on-line film izleme sitelerinin adresleri arac\u0131l\u0131\u011f\u0131yla istedi\u011finiz zaman izleyebilirsiniz.  G\u00f6r\u00fcnt\u00fcleme ve kaydetme teknolojilerinin geli\u015fmesiyle birlikte 4K gibi y\u00fcksek  \u00e7\u00f6z\u00fcn\u00fcrl\u00fck formatlar\u0131 da hayat\u0131m\u0131za girmi\u015ftir.<\/p>\n<ul>\n<li>Ancak yolumuz daha \u00e7ok uzun, \u00e7\u00fcnk\u00fc b\u00fcy\u00fcc\u00fcl\u00fck okulu hi\u00e7 de sand\u0131\u011f\u0131n\u0131z kadar kolay de\u011fil. <\/li>\n<li>Film izlerken detaylar\u0131 daha keskin g\u00f6rebilece\u011finiz \u00e7\u00f6z\u00fcn\u00fcrl\u00fck se\u00e7enekleri, world wide web \u00fczerinden film izleme sitelerinin avantajlar\u0131 aras\u0131nda yer al\u0131r. <\/li>\n<li>\u00c7e\u015fitlilik konusundaki s\u0131n\u0131rlamalar\u0131, online film izleme siteleri kald\u0131rmaktad\u0131r. <\/li>\n<\/ul>\n<p>Bu d\u00f6nemde evden \u00e7\u0131kmadan film keyfi ya\u015faman\u0131z\u0131 sa\u011flayan online film izleme siteleri ve platformlar\u0131 \u00f6ne \u00e7\u0131kt\u0131.  Kullan\u0131c\u0131 dostu aray\u00fczleri, profesyonel altyap\u0131lar\u0131 ile online film izleme siteleri, geni\u015f bir film ar\u015fivini \u00fccretsiz olarak sunar.  Online film izleme siteleri, geleneksel sinema anlay\u0131\u015f\u0131na alternatif olarak \u00e7e\u015fitli izleme al\u0131\u015fkanl\u0131klar\u0131n\u0131 tekrardan tan\u0131mlam\u0131\u015ft\u0131r.<\/p>\n<h2 id=\"toc-0\">Yap\u0131 Kredi Bomontiada \u201cworld Akustik\u201d Sahnesi \u201cevrencan G\u00fcnd\u00fcz Ve Uzayl\u0131lar\u201d Ile Devam Ediyor<\/h2>\n<p>Bu iki alb\u00fcmde yer alan \u015fark\u0131lar\u0131n neredeyse tamam\u0131n\u0131n s\u00f6z empieza m\u00fczi\u011fini Karsu \u00fcstlendi.  Sanat\u00e7\u0131, \u00fc\u00e7 y\u0131l \u00e7al\u0131\u015farak haz\u0131rlad\u0131\u011f\u0131 empieza kendi ismini verdi\u011fi \u201cKarsu\u201d isimli d\u00f6rd\u00fcnc\u00fc alb\u00fcm\u00fcn\u00fc ten Ekim 2019\u2019da yay\u0131mlad\u0131.&#8221;<\/p>\n<ul>\n<li>G\u00f6sterime girmesini beklemeniz gereken filmleri, on-line film izleme sitelerinin adresleri arac\u0131l\u0131\u011f\u0131yla istedi\u011finiz zaman izleyebilirsiniz. <\/li>\n<li>Kullan\u0131c\u0131 dostu aray\u00fczleri, profesyonel altyap\u0131lar\u0131 ile online film izleme siteleri, geni\u015f bir film ar\u015fivini \u00fccretsiz olarak sunar. <\/li>\n<li>Filmizlehdizle. com \u00fczerinden full HD film izleyebilir, T\u00fcrk\u00e7e dublaj veya T\u00fcrk\u00e7e altyaz\u0131l\u0131 se\u00e7enekleriyle istedi\u011finiz filmi keyifle izleyebilirsiniz. <\/li>\n<li>\u0130\u015fte bu noktadan sonra Harry Potter&#8217;\u0131n hayat\u0131ndaki de\u011fi\u015fiklikler, onun s\u0131rad\u0131\u015f\u0131 hikayesini olu\u015fturuyor. <\/li>\n<\/ul>\n<p>Film izlerken detaylar\u0131 daha keskin g\u00f6rebilece\u011finiz \u00e7\u00f6z\u00fcn\u00fcrl\u00fck se\u00e7enekleri, internet \u00fczerinden film izleme sitelerinin avantajlar\u0131 aras\u0131nda yer al\u0131r.  Sinema salonlar\u0131 kendi k\u00fclt\u00fcr\u00fcn\u00fc olu\u015fturmu\u015f olsa da baz\u0131 handikaplar\u0131 bulunmaktad\u0131r.  \u00c7e\u015fitlilik konusundaki s\u0131n\u0131rlamalar\u0131, online film izleme siteleri kald\u0131rmaktad\u0131r.  Bu siteler, izleyicilere sadece da\u011f\u0131t\u0131c\u0131 \u015firketlerin belirledi\u011fi filmleri de\u011fil, geni\u015f bir film ar\u015fivini sunar.  \u0130nternet \u00fczerinden \u00fccretsiz film izleme imkan\u0131 sunan siteler, seyircilerin izleme al\u0131\u015fkanl\u0131klar\u0131n\u0131 radikal bir \u015fekilde de\u011fi\u015ftirmi\u015ftir.  Film izleme siteleri, ge\u00e7mi\u015f y\u0131llarda vizyona girmi\u015f empieza sinema salonlar\u0131nda g\u00f6sterimi yap\u0131lmayan filmlere ula\u015fma \u015fans\u0131 tan\u0131r <a href=\"https:\/\/1win-discover.com\/\">1win<\/a>.<\/p>\n<h3 id=\"toc-1\">A\u015fli Amca Ve Can Ko\u00e7, 21 Temmuz\u2019da K\u00fc\u00e7\u00fck\u00e7i\u0307ftli\u0307k Bah\u00e7e\u2019de Sahnede! <\/h3>\n<p>8 ya\u015f\u0131ndayken televizyonda g\u00f6rd\u00fc\u011f\u00fc piyanoyu \u00e7almaya karar veren Karsu, Hollanda\u2019daki Amerikan B\u00fcy\u00fckel\u00e7ili\u011fi\u2019nin verdi\u011fi bir burs ile Amerika\u2019ya gitti ve Rhode Tropical isle \u00dcniversitesi\u2019nde \u015fan e\u011fitimi ald\u0131.  Aktif m\u00fczik hayat\u0131na 16 ya\u015f\u0131nda ba\u015flayan Karsu, Concertgebouw\u2019dan North Sea Jazz Festival\u2019a ve hatta New York Carnegie Hall\u2019a kadar \u00f6nemli sahnelerde yer ald\u0131.  \u201cY K\u00fclt\u00fcr Sanat\u201d etiketiyle ilk st\u00fcdyo alb\u00fcm\u00fc \u201cConfession\u201d(2012) ve \u201cColors\u201d\u0131 (2015) T\u00fcrkiye\u2019de \u00e7\u0131kard\u0131.<\/p>\n<p>Ayr\u0131ca, filmler hakk\u0131nda detayl\u0131 bilgiler, puanlar ve ele\u015ftirileri kolayca bulabilirsiniz.  Film izleme deneyiminizi art\u0131rmak i\u00e7in Filmizlehdizle. com gibi pop\u00fcler bir siteyi tercih edebilirsiniz.  Bu t\u00fcr siteler, geni\u015f motion picture ar\u015fivleri, kullan\u0131c\u0131 dostu aray\u00fczleri ve y\u00fcksek \u00e7\u00f6z\u00fcn\u00fcrl\u00fck&#8221; &#8220;se\u00e7enekleri ile dikkat \u00e7eker.<\/p>\n<h2 id=\"toc-2\">Karsu Y\u0131l\u0131n Tek T\u00fcrkiye Konseri I\u00e7in 24 Temmuz\u2019da Harbiye\u2019de<\/h2>\n<p>Sinemada Film Festivali, d\u00f6rd\u00fcnc\u00fc y\u0131l\u0131nda da \u201c\u00d6\u011fretmenler Odas\u0131\u201d, \u201c\u0130lgi Alan\u0131\u201d, \u201cBildi\u011fin Gibi De\u011fil\u201d, \u201cSanki Her \u015eey Biraz Felaket\u201d, \u201cAniden\u201d, \u201cFaruk\u201d gibi son y\u0131llar\u0131n ses getiren filmlerini sinemaseverlerle bulu\u015fturacak.  Mektup, Hogwarts B\u00fcy\u00fcc\u00fcl\u00fck ve Cad\u0131l\u0131k Okulu&#8217;ndan geliyor ve onu kabul ettiklerini belirtiyor.  Hayat\u0131n\u0131n o s\u0131k\u0131c\u0131 s\u00fcreklili\u011fi bir anda yerini heyecan dolu bir belirsizli\u011fe b\u0131rak\u0131yor.<\/p>\n<ul>\n<li>G\u00f6sterime girmesini beklemeniz gereken filmleri, online film izleme sitelerinin adresleri arac\u0131l\u0131\u011f\u0131yla istedi\u011finiz zaman izleyebilirsiniz. <\/li>\n<li>Filmizlehdizle. com \u00fczerinden full HD motion picture izleyebilir, T\u00fcrk\u00e7e dublaj veya T\u00fcrk\u00e7e altyaz\u0131l\u0131 se\u00e7enekleriyle istedi\u011finiz filmi keyifle izleyebilirsiniz. <\/li>\n<li>\u0130nternet \u00fczerinden \u00fccretsiz film izleme imkan\u0131 sunan siteler, seyircilerin izleme al\u0131\u015fkanl\u0131klar\u0131n\u0131 radikal bir \u015fekilde de\u011fi\u015ftirmi\u015ftir. <\/li>\n<li>\u0130\u015fte bu noktadan sonra Harry Potter&#8217;\u0131n hayat\u0131ndaki de\u011fi\u015fiklikler, onun s\u0131rad\u0131\u015f\u0131 hikayesini olu\u015fturuyor. <\/li>\n<li>8 ya\u015f\u0131ndayken televizyonda g\u00f6rd\u00fc\u011f\u00fc piyanoyu \u00e7almaya karar veren Karsu, Hollanda\u2019daki Amerikan B\u00fcy\u00fckel\u00e7ili\u011fi\u2019nin verdi\u011fi bir burs ile Amerika\u2019ya gitti ve Rhode Island \u00dcniversitesi\u2019nde \u015fan e\u011fitimi ald\u0131. <\/li>\n<\/ul>\n<p>Filmizlehdizle. com \u00fczerinden full HD motion picture izleyebilir, T\u00fcrk\u00e7e dublaj veya T\u00fcrk\u00e7e altyaz\u0131l\u0131 se\u00e7enekleriyle istedi\u011finiz filmi keyifle izleyebilirsiniz.  Sitenin sundu\u011fu avantajlar aras\u0131nda \u00e7e\u015fitli film t\u00fcrleri, g\u00fcncel i\u00e7erikler empieza mobil uyumluluk gibi \u00f6zellikler bulunabilir.  Filmizlehdizle. com gibi siteler, online film izleme konusunda \u00e7e\u015fitli se\u00e7enekler sunarak izleyicilere geni\u015f bir i\u00e7erik yelpazesi sunar.  Siz sobre bu t\u00fcr sitelerinin adresleri ke\u015ffederek istedi\u011finiz filmi daha pratik bir \u015fekilde izleyebilirsiniz.  Yaz aylar\u0131nda sineman\u0131n b\u00fcy\u00fcs\u00fcn\u00fc Adalar\u2019a ta\u015f\u0131yan \u201cSinemada\u201d, bu y\u0131l Temmuz tarihlerinde 4.  9 g\u00fcn boyunca B\u00fcy\u00fckada Atat\u00fcrk Meydan\u0131, B\u00fcy\u00fckada Ta\u015f Mektep empieza Heybeliada Pazar Meydan\u0131\u2019nda g\u00f6sterimlere ev sahipli\u011fi yapacak olan 4.<\/p>\n<h3 id=\"toc-3\">Si\u0307nemada Fi\u0307lm Festi\u0307vali\u0307, Si\u0307nemanin B\u00fcy\u00fcl\u00fc D\u00fcnyasini 12-21 Temmuz\u2019da B\u00fcy\u00fckada Empieza Heybeli\u0307ada\u2019ya Ta\u015fiyacak! <\/h3>\n<p>&#8220;\u0130nternet \u00fczerinden film izleme olana\u011f\u0131 sunan siteler, sineman\u0131n dijital evriminin en son \u00fcr\u00fcnlerindendir.  Online sistemler arac\u0131l\u0131\u011f\u0131yla \u00fccretsiz film yay\u0131n\u0131 yapan bu siteler, herhangi bir sinema salonuna gitmeden istedi\u011finiz filmi izleme \u015fans\u0131 tan\u0131r.  D\u00fcnya genelinde pandeminin etkisiyle sosyal etkinliklerin kapanmas\u0131, sinema salonlar\u0131n\u0131n da kapat\u0131lmas\u0131na yol a\u00e7t\u0131.<\/p>\n<ul>\n<li>Filmizlehdizle. com \u00fczerinden full HD movie izleyebilir, T\u00fcrk\u00e7e dublaj veya T\u00fcrk\u00e7e altyaz\u0131l\u0131 se\u00e7enekleriyle istedi\u011finiz filmi keyifle izleyebilirsiniz. <\/li>\n<li>Sitenin sundu\u011fu avantajlar aras\u0131nda \u00e7e\u015fitli film t\u00fcrleri, g\u00fcncel i\u00e7erikler empieza mobil uyumluluk gibi \u00f6zellikler bulunabilir. <\/li>\n<li>Kullan\u0131c\u0131 dostu aray\u00fczleri, profesyonel altyap\u0131lar\u0131 ile online film izleme siteleri, geni\u015f bir film ar\u015fivini \u00fccretsiz olarak sunar. <\/li>\n<\/ul>\n<p>E\u011flenceli sahne performans\u0131, duygusal \u015fark\u0131lar\u0131 ve farkl\u0131 yorumuyla izleyenlere unutulmaz bir gece ya\u015fatacak Karsu performans\u0131n\u0131n biletleri T\u00fcrkiye\u2019nin teknoloji odakl\u0131 etkinlik biletleme platformu Biletinal\u2019da sat\u0131\u015fa \u00e7\u0131kt\u0131.  Caz, blues, pop, funk ve elektronik&#8221; &#8220;m\u00fczi\u011fi modern t\u0131n\u0131larla bulu\u015fturan Karsu, bu y\u0131l\u0131n ilk ve tek T\u00fcrkiye konseri i\u00e7in 24 Temmuz\u2019da \u0130stanbul Harbiye Cemil Topuzlu A\u00e7\u0131khava Sahnesi\u2019ne geliyor.  Bu b\u00f6l\u00fcmde, bizimle ilgili son geli\u015fmeleri, g\u00fcncel haberleri ve genel bilgileri takip edebilirsiniz.<\/p>\n<h3 id=\"toc-4\">Son Yorumlar&#8221;<\/h3>\n<p>Ancak yolumuz daha \u00e7ok uzun,  \u00e7\u00fcnk\u00fc b\u00fcy\u00fcc\u00fcl\u00fck okulu hi\u00e7 sobre sand\u0131\u011f\u0131n\u0131z kadar ?ok basit de\u011fil.  \u0130\u015fte bu noktadan sonra Harry Potter&#8217;\u0131n hayat\u0131ndaki de\u011fi\u015fiklikler, onun s\u0131rad\u0131\u015f\u0131 hikayesini olu\u015fturuyor.  Mesela sinemada izlerken kendimizi kapt\u0131r\u0131p da filmi bir solukta izleyece\u011fimiz t\u00fcrden bir hikaye.  \u0130stanbul \u015eehir Hatlar\u0131,  sinema g\u00fcnlerini kapsayan nine g\u00fcn boyunca Adalar\u2019a \u00f6zel sefer d\u00fczenleyecek.  Sinemaseverler, Temmuz 2024 tarihleri aras\u0131nda saat 23. 15\u2019te B\u00fcy\u00fckada-Heybeliada seferini yapacak olan vapuru kullanabilecek.  Sinemada Film Festivali\u2019nin program ayr\u0131nt\u0131lar\u0131na \u0130BB K\u00fclt\u00fcr ile Film Koop\u2019un sosyal medya hesaplar\u0131ndan ve kultursanat. istanbul adresinden ula\u015f\u0131labilir.<\/p>\n<ul>\n<li>\u0130stanbul \u015eehir Hatlar\u0131, \u00a0sinema g\u00fcnlerini kapsayan nine g\u00fcn boyunca Adalar\u2019a \u00f6zel sefer d\u00fczenleyecek. <\/li>\n<li>Ayr\u0131ca, filmler hakk\u0131nda detayl\u0131 bilgiler, puanlar empieza ele\u015ftirileri kolayca bulabilirsiniz. <\/li>\n<li>Sinema salonlar\u0131 kendi k\u00fclt\u00fcr\u00fcn\u00fc olu\u015fturmu\u015f olsa da baz\u0131 handikaplar\u0131 bulunmaktad\u0131r. <\/li>\n<\/ul>\n","protected":false},"excerpt":{"rendered":"<p>&#8220;4 Si\u0307nemada Fi\u0307lm Festi\u0307vali\u0307, Si\u0307nemanin B\u00fcy\u00fcl\u00fc D\u00fcnyasini 12-21 Temmuzda B\u00fcy\u00fckada Ve Heybeli\u0307adaya Ta\u015fiyacak! Harry Potter [&hellip;]<\/p>\n","protected":false},"author":1,"featured_media":0,"comment_status":"closed","ping_status":"open","sticky":false,"template":"","format":"standard","meta":{"footnotes":""},"categories":[143],"tags":[],"class_list":["post-5515","post","type-post","status-publish","format-standard","hentry","category-1win-turkiye"],"yoast_head":"<!-- This site is optimized with the Yoast SEO plugin v22.2 - https:\/\/yoast.com\/wordpress\/plugins\/seo\/ -->\n<title>&quot;4 Si\u0307nemada Fi\u0307lm Festi\u0307vali\u0307, Si\u0307nemanin B\u00fcy\u00fcl\u00fc D\u00fcnyasini 12-21 Temmuzda B\u00fcy\u00fckada Ve Heybeli\u0307adaya Ta\u015fiyacak - Soluciones Empresariales Globales<\/title>\n<meta name=\"robots\" content=\"index, follow, max-snippet:-1, max-image-preview:large, max-video-preview:-1\" \/>\n<link rel=\"canonical\" href=\"https:\/\/redycomunicacion.com\/index.php\/2023\/04\/25\/4-sinemada-film-festivali-sinemanin-bueyuelue-duenyasini-12-21-temmuzda-bueyuekada-ve-heybeliadaya-tasiyacak\/\" \/>\n<meta property=\"og:locale\" content=\"en_US\" \/>\n<meta property=\"og:type\" content=\"article\" \/>\n<meta property=\"og:title\" content=\"&quot;4 Si\u0307nemada Fi\u0307lm Festi\u0307vali\u0307, Si\u0307nemanin B\u00fcy\u00fcl\u00fc D\u00fcnyasini 12-21 Temmuzda B\u00fcy\u00fckada Ve Heybeli\u0307adaya Ta\u015fiyacak - Soluciones Empresariales Globales\" \/>\n<meta property=\"og:description\" content=\"&#8220;4 Si\u0307nemada Fi\u0307lm Festi\u0307vali\u0307, Si\u0307nemanin B\u00fcy\u00fcl\u00fc D\u00fcnyasini 12-21 Temmuzda B\u00fcy\u00fckada Ve Heybeli\u0307adaya Ta\u015fiyacak! Harry Potter [&hellip;]\" \/>\n<meta property=\"og:url\" content=\"https:\/\/redycomunicacion.com\/index.php\/2023\/04\/25\/4-sinemada-film-festivali-sinemanin-bueyuelue-duenyasini-12-21-temmuzda-bueyuekada-ve-heybeliadaya-tasiyacak\/\" \/>\n<meta property=\"og:site_name\" content=\"Soluciones Empresariales Globales\" \/>\n<meta property=\"article:publisher\" content=\"https:\/\/facebook.com\/redycom\" \/>\n<meta property=\"article:published_time\" content=\"2023-04-25T03:22:54+00:00\" \/>\n<meta property=\"article:modified_time\" content=\"2024-07-09T08:02:04+00:00\" \/>\n<meta name=\"author\" content=\"admin\" \/>\n<meta name=\"twitter:card\" content=\"summary_large_image\" \/>\n<meta name=\"twitter:label1\" content=\"Written by\" \/>\n\t<meta name=\"twitter:data1\" content=\"admin\" \/>\n\t<meta name=\"twitter:label2\" content=\"Est. reading time\" \/>\n\t<meta name=\"twitter:data2\" content=\"8 minutes\" \/>\n<script type=\"application\/ld+json\" class=\"yoast-schema-graph\">{\"@context\":\"https:\/\/schema.org\",\"@graph\":[{\"@type\":\"Article\",\"@id\":\"https:\/\/redycomunicacion.com\/index.php\/2023\/04\/25\/4-sinemada-film-festivali-sinemanin-bueyuelue-duenyasini-12-21-temmuzda-bueyuekada-ve-heybeliadaya-tasiyacak\/#article\",\"isPartOf\":{\"@id\":\"https:\/\/redycomunicacion.com\/index.php\/2023\/04\/25\/4-sinemada-film-festivali-sinemanin-bueyuelue-duenyasini-12-21-temmuzda-bueyuekada-ve-heybeliadaya-tasiyacak\/\"},\"author\":{\"name\":\"admin\",\"@id\":\"https:\/\/redycomunicacion.com\/#\/schema\/person\/9e418693dd7ebe68e7d89a15fa1d77a0\"},\"headline\":\"&#8220;4 Si\u0307nemada Fi\u0307lm Festi\u0307vali\u0307, Si\u0307nemanin B\u00fcy\u00fcl\u00fc D\u00fcnyasini 12-21 Temmuzda B\u00fcy\u00fckada Ve Heybeli\u0307adaya Ta\u015fiyacak\",\"datePublished\":\"2023-04-25T03:22:54+00:00\",\"dateModified\":\"2024-07-09T08:02:04+00:00\",\"mainEntityOfPage\":{\"@id\":\"https:\/\/redycomunicacion.com\/index.php\/2023\/04\/25\/4-sinemada-film-festivali-sinemanin-bueyuelue-duenyasini-12-21-temmuzda-bueyuekada-ve-heybeliadaya-tasiyacak\/\"},\"wordCount\":1709,\"publisher\":{\"@id\":\"https:\/\/redycomunicacion.com\/#organization\"},\"articleSection\":[\"1win Turkiye\"],\"inLanguage\":\"en-US\"},{\"@type\":\"WebPage\",\"@id\":\"https:\/\/redycomunicacion.com\/index.php\/2023\/04\/25\/4-sinemada-film-festivali-sinemanin-bueyuelue-duenyasini-12-21-temmuzda-bueyuekada-ve-heybeliadaya-tasiyacak\/\",\"url\":\"https:\/\/redycomunicacion.com\/index.php\/2023\/04\/25\/4-sinemada-film-festivali-sinemanin-bueyuelue-duenyasini-12-21-temmuzda-bueyuekada-ve-heybeliadaya-tasiyacak\/\",\"name\":\"\\\"4 Si\u0307nemada Fi\u0307lm Festi\u0307vali\u0307, Si\u0307nemanin B\u00fcy\u00fcl\u00fc D\u00fcnyasini 12-21 Temmuzda B\u00fcy\u00fckada Ve Heybeli\u0307adaya Ta\u015fiyacak - Soluciones Empresariales Globales\",\"isPartOf\":{\"@id\":\"https:\/\/redycomunicacion.com\/#website\"},\"datePublished\":\"2023-04-25T03:22:54+00:00\",\"dateModified\":\"2024-07-09T08:02:04+00:00\",\"breadcrumb\":{\"@id\":\"https:\/\/redycomunicacion.com\/index.php\/2023\/04\/25\/4-sinemada-film-festivali-sinemanin-bueyuelue-duenyasini-12-21-temmuzda-bueyuekada-ve-heybeliadaya-tasiyacak\/#breadcrumb\"},\"inLanguage\":\"en-US\",\"potentialAction\":[{\"@type\":\"ReadAction\",\"target\":[\"https:\/\/redycomunicacion.com\/index.php\/2023\/04\/25\/4-sinemada-film-festivali-sinemanin-bueyuelue-duenyasini-12-21-temmuzda-bueyuekada-ve-heybeliadaya-tasiyacak\/\"]}]},{\"@type\":\"BreadcrumbList\",\"@id\":\"https:\/\/redycomunicacion.com\/index.php\/2023\/04\/25\/4-sinemada-film-festivali-sinemanin-bueyuelue-duenyasini-12-21-temmuzda-bueyuekada-ve-heybeliadaya-tasiyacak\/#breadcrumb\",\"itemListElement\":[{\"@type\":\"ListItem\",\"position\":1,\"name\":\"Home\",\"item\":\"https:\/\/redycomunicacion.com\/\"},{\"@type\":\"ListItem\",\"position\":2,\"name\":\"&#8220;4 Si\u0307nemada Fi\u0307lm Festi\u0307vali\u0307, Si\u0307nemanin B\u00fcy\u00fcl\u00fc D\u00fcnyasini 12-21 Temmuzda B\u00fcy\u00fckada Ve Heybeli\u0307adaya Ta\u015fiyacak\"}]},{\"@type\":\"WebSite\",\"@id\":\"https:\/\/redycomunicacion.com\/#website\",\"url\":\"https:\/\/redycomunicacion.com\/\",\"name\":\"Redycomunicacion\",\"description\":\"\",\"publisher\":{\"@id\":\"https:\/\/redycomunicacion.com\/#organization\"},\"potentialAction\":[{\"@type\":\"SearchAction\",\"target\":{\"@type\":\"EntryPoint\",\"urlTemplate\":\"https:\/\/redycomunicacion.com\/?s={search_term_string}\"},\"query-input\":\"required name=search_term_string\"}],\"inLanguage\":\"en-US\"},{\"@type\":\"Organization\",\"@id\":\"https:\/\/redycomunicacion.com\/#organization\",\"name\":\"Redycomunicacion\",\"url\":\"https:\/\/redycomunicacion.com\/\",\"logo\":{\"@type\":\"ImageObject\",\"inLanguage\":\"en-US\",\"@id\":\"https:\/\/redycomunicacion.com\/#\/schema\/logo\/image\/\",\"url\":\"https:\/\/redycomunicacion.com\/wp-content\/uploads\/2022\/12\/header-logo.png\",\"contentUrl\":\"https:\/\/redycomunicacion.com\/wp-content\/uploads\/2022\/12\/header-logo.png\",\"width\":120,\"height\":22,\"caption\":\"Redycomunicacion\"},\"image\":{\"@id\":\"https:\/\/redycomunicacion.com\/#\/schema\/logo\/image\/\"},\"sameAs\":[\"https:\/\/facebook.com\/redycom\"]},{\"@type\":\"Person\",\"@id\":\"https:\/\/redycomunicacion.com\/#\/schema\/person\/9e418693dd7ebe68e7d89a15fa1d77a0\",\"name\":\"admin\",\"sameAs\":[\"https:\/\/redycomunicacion.com\"],\"url\":\"https:\/\/redycomunicacion.com\/index.php\/author\/redycomu\/\"}]}<\/script>\n<!-- \/ Yoast SEO plugin. -->","yoast_head_json":{"title":"\"4 Si\u0307nemada Fi\u0307lm Festi\u0307vali\u0307, Si\u0307nemanin B\u00fcy\u00fcl\u00fc D\u00fcnyasini 12-21 Temmuzda B\u00fcy\u00fckada Ve Heybeli\u0307adaya Ta\u015fiyacak - Soluciones Empresariales Globales","robots":{"index":"index","follow":"follow","max-snippet":"max-snippet:-1","max-image-preview":"max-image-preview:large","max-video-preview":"max-video-preview:-1"},"canonical":"https:\/\/redycomunicacion.com\/index.php\/2023\/04\/25\/4-sinemada-film-festivali-sinemanin-bueyuelue-duenyasini-12-21-temmuzda-bueyuekada-ve-heybeliadaya-tasiyacak\/","og_locale":"en_US","og_type":"article","og_title":"\"4 Si\u0307nemada Fi\u0307lm Festi\u0307vali\u0307, Si\u0307nemanin B\u00fcy\u00fcl\u00fc D\u00fcnyasini 12-21 Temmuzda B\u00fcy\u00fckada Ve Heybeli\u0307adaya Ta\u015fiyacak - Soluciones Empresariales Globales","og_description":"&#8220;4 Si\u0307nemada Fi\u0307lm Festi\u0307vali\u0307, Si\u0307nemanin B\u00fcy\u00fcl\u00fc D\u00fcnyasini 12-21 Temmuzda B\u00fcy\u00fckada Ve Heybeli\u0307adaya Ta\u015fiyacak! Harry Potter [&hellip;]","og_url":"https:\/\/redycomunicacion.com\/index.php\/2023\/04\/25\/4-sinemada-film-festivali-sinemanin-bueyuelue-duenyasini-12-21-temmuzda-bueyuekada-ve-heybeliadaya-tasiyacak\/","og_site_name":"Soluciones Empresariales Globales","article_publisher":"https:\/\/facebook.com\/redycom","article_published_time":"2023-04-25T03:22:54+00:00","article_modified_time":"2024-07-09T08:02:04+00:00","author":"admin","twitter_card":"summary_large_image","twitter_misc":{"Written by":"admin","Est. reading time":"8 minutes"},"schema":{"@context":"https:\/\/schema.org","@graph":[{"@type":"Article","@id":"https:\/\/redycomunicacion.com\/index.php\/2023\/04\/25\/4-sinemada-film-festivali-sinemanin-bueyuelue-duenyasini-12-21-temmuzda-bueyuekada-ve-heybeliadaya-tasiyacak\/#article","isPartOf":{"@id":"https:\/\/redycomunicacion.com\/index.php\/2023\/04\/25\/4-sinemada-film-festivali-sinemanin-bueyuelue-duenyasini-12-21-temmuzda-bueyuekada-ve-heybeliadaya-tasiyacak\/"},"author":{"name":"admin","@id":"https:\/\/redycomunicacion.com\/#\/schema\/person\/9e418693dd7ebe68e7d89a15fa1d77a0"},"headline":"&#8220;4 Si\u0307nemada Fi\u0307lm Festi\u0307vali\u0307, Si\u0307nemanin B\u00fcy\u00fcl\u00fc D\u00fcnyasini 12-21 Temmuzda B\u00fcy\u00fckada Ve Heybeli\u0307adaya Ta\u015fiyacak","datePublished":"2023-04-25T03:22:54+00:00","dateModified":"2024-07-09T08:02:04+00:00","mainEntityOfPage":{"@id":"https:\/\/redycomunicacion.com\/index.php\/2023\/04\/25\/4-sinemada-film-festivali-sinemanin-bueyuelue-duenyasini-12-21-temmuzda-bueyuekada-ve-heybeliadaya-tasiyacak\/"},"wordCount":1709,"publisher":{"@id":"https:\/\/redycomunicacion.com\/#organization"},"articleSection":["1win Turkiye"],"inLanguage":"en-US"},{"@type":"WebPage","@id":"https:\/\/redycomunicacion.com\/index.php\/2023\/04\/25\/4-sinemada-film-festivali-sinemanin-bueyuelue-duenyasini-12-21-temmuzda-bueyuekada-ve-heybeliadaya-tasiyacak\/","url":"https:\/\/redycomunicacion.com\/index.php\/2023\/04\/25\/4-sinemada-film-festivali-sinemanin-bueyuelue-duenyasini-12-21-temmuzda-bueyuekada-ve-heybeliadaya-tasiyacak\/","name":"\"4 Si\u0307nemada Fi\u0307lm Festi\u0307vali\u0307, Si\u0307nemanin B\u00fcy\u00fcl\u00fc D\u00fcnyasini 12-21 Temmuzda B\u00fcy\u00fckada Ve Heybeli\u0307adaya Ta\u015fiyacak - Soluciones Empresariales Globales","isPartOf":{"@id":"https:\/\/redycomunicacion.com\/#website"},"datePublished":"2023-04-25T03:22:54+00:00","dateModified":"2024-07-09T08:02:04+00:00","breadcrumb":{"@id":"https:\/\/redycomunicacion.com\/index.php\/2023\/04\/25\/4-sinemada-film-festivali-sinemanin-bueyuelue-duenyasini-12-21-temmuzda-bueyuekada-ve-heybeliadaya-tasiyacak\/#breadcrumb"},"inLanguage":"en-US","potentialAction":[{"@type":"ReadAction","target":["https:\/\/redycomunicacion.com\/index.php\/2023\/04\/25\/4-sinemada-film-festivali-sinemanin-bueyuelue-duenyasini-12-21-temmuzda-bueyuekada-ve-heybeliadaya-tasiyacak\/"]}]},{"@type":"BreadcrumbList","@id":"https:\/\/redycomunicacion.com\/index.php\/2023\/04\/25\/4-sinemada-film-festivali-sinemanin-bueyuelue-duenyasini-12-21-temmuzda-bueyuekada-ve-heybeliadaya-tasiyacak\/#breadcrumb","itemListElement":[{"@type":"ListItem","position":1,"name":"Home","item":"https:\/\/redycomunicacion.com\/"},{"@type":"ListItem","position":2,"name":"&#8220;4 Si\u0307nemada Fi\u0307lm Festi\u0307vali\u0307, Si\u0307nemanin B\u00fcy\u00fcl\u00fc D\u00fcnyasini 12-21 Temmuzda B\u00fcy\u00fckada Ve Heybeli\u0307adaya Ta\u015fiyacak"}]},{"@type":"WebSite","@id":"https:\/\/redycomunicacion.com\/#website","url":"https:\/\/redycomunicacion.com\/","name":"Redycomunicacion","description":"","publisher":{"@id":"https:\/\/redycomunicacion.com\/#organization"},"potentialAction":[{"@type":"SearchAction","target":{"@type":"EntryPoint","urlTemplate":"https:\/\/redycomunicacion.com\/?s={search_term_string}"},"query-input":"required name=search_term_string"}],"inLanguage":"en-US"},{"@type":"Organization","@id":"https:\/\/redycomunicacion.com\/#organization","name":"Redycomunicacion","url":"https:\/\/redycomunicacion.com\/","logo":{"@type":"ImageObject","inLanguage":"en-US","@id":"https:\/\/redycomunicacion.com\/#\/schema\/logo\/image\/","url":"https:\/\/redycomunicacion.com\/wp-content\/uploads\/2022\/12\/header-logo.png","contentUrl":"https:\/\/redycomunicacion.com\/wp-content\/uploads\/2022\/12\/header-logo.png","width":120,"height":22,"caption":"Redycomunicacion"},"image":{"@id":"https:\/\/redycomunicacion.com\/#\/schema\/logo\/image\/"},"sameAs":["https:\/\/facebook.com\/redycom"]},{"@type":"Person","@id":"https:\/\/redycomunicacion.com\/#\/schema\/person\/9e418693dd7ebe68e7d89a15fa1d77a0","name":"admin","sameAs":["https:\/\/redycomunicacion.com"],"url":"https:\/\/redycomunicacion.com\/index.php\/author\/redycomu\/"}]}},"jetpack_sharing_enabled":true,"jetpack_featured_media_url":"","jetpack-related-posts":[],"_links":{"self":[{"href":"https:\/\/redycomunicacion.com\/index.php\/wp-json\/wp\/v2\/posts\/5515","targetHints":{"allow":["GET"]}}],"collection":[{"href":"https:\/\/redycomunicacion.com\/index.php\/wp-json\/wp\/v2\/posts"}],"about":[{"href":"https:\/\/redycomunicacion.com\/index.php\/wp-json\/wp\/v2\/types\/post"}],"author":[{"embeddable":true,"href":"https:\/\/redycomunicacion.com\/index.php\/wp-json\/wp\/v2\/users\/1"}],"replies":[{"embeddable":true,"href":"https:\/\/redycomunicacion.com\/index.php\/wp-json\/wp\/v2\/comments?post=5515"}],"version-history":[{"count":1,"href":"https:\/\/redycomunicacion.com\/index.php\/wp-json\/wp\/v2\/posts\/5515\/revisions"}],"predecessor-version":[{"id":5516,"href":"https:\/\/redycomunicacion.com\/index.php\/wp-json\/wp\/v2\/posts\/5515\/revisions\/5516"}],"wp:attachment":[{"href":"https:\/\/redycomunicacion.com\/index.php\/wp-json\/wp\/v2\/media?parent=5515"}],"wp:term":[{"taxonomy":"category","embeddable":true,"href":"https:\/\/redycomunicacion.com\/index.php\/wp-json\/wp\/v2\/categories?post=5515"},{"taxonomy":"post_tag","embeddable":true,"href":"https:\/\/redycomunicacion.com\/index.php\/wp-json\/wp\/v2\/tags?post=5515"}],"curies":[{"name":"wp","href":"https:\/\/api.w.org\/{rel}","templated":true}]}}